{"id":239,"date":"2019-07-02T13:40:27","date_gmt":"2019-07-02T13:40:27","guid":{"rendered":"http:\/\/rvingeurope.com\/?p=239"},"modified":"2019-07-02T13:56:14","modified_gmt":"2019-07-02T13:56:14","slug":"kalmthouter-heide-in-belgien","status":"publish","type":"post","link":"https:\/\/rvingeurope.com\/?p=239&lang=de","title":{"rendered":"Kalmthouter Heide in Belgien"},"content":{"rendered":"<span itemprop=\"description\">\n<p>Wir sind ganz am Anfang unserer Reise. Alles ist neu, spannend und unbekannt. Wir sind nur etwa eine Stunde gefahren, den ersten vollen Stellplatz haben wir hinter uns gelassen und nun hier einen Platz gefunden.<\/p>\n\n\n\n<p>Wir wandern durch die Kalmthouter Heide an der Belgisch-Niederl\u00e4ndischen Grenze. Hier wussten wir noch nicht, wie oft wir noch durch die Heide wandern werden w\u00e4hrend unserer Reise.<\/p>\n\n\n\n<p>Der Stellplatz im Wald ist nachts ziemlich ruhig, tags\u00fcber kommen doch einige Autos und auch andere wandern durch dieses Naturgebiet. Durch die hohen B\u00e4ume kommt nur wenig Solarstrom rein, aber genug f\u00fcr uns.<\/p>\n\n\n\n<p>Anschliessend haben wir in Essen (Belgien) gratis Wasser gef\u00fcllt und einen unserer ersten zuk\u00fcnftigen Followern gesprochen. In Essen (Belgien) sieht man sehr sch\u00f6n, wie offen Landesgrenzen sein k\u00f6nnen!<\/p>\n\n\n\n<figure class=\"wp-block-embed-youtube wp-block-embed is-type-video is-provider-youtube wp-embed-aspect-16-9 wp-has-aspect-ratio\"><div class=\"wp-block-embed__wrapper\">\n<iframe loading=\"lazy\" title=\"VLOG#2 Mit dem Wohnmobil nach Belgien: Kalmthouter Heide\" width=\"1200\" height=\"675\" src=\"https:\/\/www.youtube.com\/embed\/Nlkq3LNs7C8?feature=oembed\" frameborder=\"0\" allow=\"accelerometer; autoplay; encrypted-media; gyroscope; picture-in-picture\" allowfullscreen><\/iframe>\n<\/div><\/figure>\n<span>","protected":false},"excerpt":{"rendered":"<p class=\"excerpt\"><span itemprop=\"description\">Wir sind ganz am Anfang unserer Reise. Alles ist neu, spannend und unbekannt. Wir sind nur etwa eine Stunde gefahren, den ersten vollen Stellplatz haben wir hinter uns gelassen und nun hier einen Platz gefunden. Wir wandern durch die Kalmthouter Heide an der Belgisch-Niederl\u00e4ndischen Grenze.&hellip;<\/span><\/p>\n<p class=\"more-link-p btn-align-left\"><a class=\"blue zoom-btn\" href=\"https:\/\/rvingeurope.com\/?p=239&#038;lang=de\">Read More<\/a><\/p>\n","protected":false},"author":3,"featured_media":247,"comment_status":"open","ping_status":"open","sticky":false,"template":"","format":"standard","meta":{"footnotes":""},"categories":[65],"tags":[89],"class_list":["post-239","post","type-post","status-publish","format-standard","has-post-thumbnail","hentry","category-blog-vlog-de","tag-kalmthouter-heide-de","zoom-theme-has-thumb"],"_links":{"self":[{"href":"https:\/\/rvingeurope.com\/index.php?rest_route=\/wp\/v2\/posts\/239","targetHints":{"allow":["GET"]}}],"collection":[{"href":"https:\/\/rvingeurope.com\/index.php?rest_route=\/wp\/v2\/posts"}],"about":[{"href":"https:\/\/rvingeurope.com\/index.php?rest_route=\/wp\/v2\/types\/post"}],"author":[{"embeddable":true,"href":"https:\/\/rvingeurope.com\/index.php?rest_route=\/wp\/v2\/users\/3"}],"replies":[{"embeddable":true,"href":"https:\/\/rvingeurope.com\/index.php?rest_route=%2Fwp%2Fv2%2Fcomments&post=239"}],"version-history":[{"count":1,"href":"https:\/\/rvingeurope.com\/index.php?rest_route=\/wp\/v2\/posts\/239\/revisions"}],"predecessor-version":[{"id":240,"href":"https:\/\/rvingeurope.com\/index.php?rest_route=\/wp\/v2\/posts\/239\/revisions\/240"}],"wp:featuredmedia":[{"embeddable":true,"href":"https:\/\/rvingeurope.com\/index.php?rest_route=\/wp\/v2\/media\/247"}],"wp:attachment":[{"href":"https:\/\/rvingeurope.com\/index.php?rest_route=%2Fwp%2Fv2%2Fmedia&parent=239"}],"wp:term":[{"taxonomy":"category","embeddable":true,"href":"https:\/\/rvingeurope.com\/index.php?rest_route=%2Fwp%2Fv2%2Fcategories&post=239"},{"taxonomy":"post_tag","embeddable":true,"href":"https:\/\/rvingeurope.com\/index.php?rest_route=%2Fwp%2Fv2%2Ftags&post=239"}],"curies":[{"name":"wp","href":"https:\/\/api.w.org\/{rel}","templated":true}]}}